{"id":1959,"date":"2020-03-31T23:54:24","date_gmt":"2020-03-31T21:54:24","guid":{"rendered":"https:\/\/www.zeterinaires.fr\/nofakemed\/?p=1959"},"modified":"2020-04-01T14:39:18","modified_gmt":"2020-04-01T12:39:18","slug":"chat-sars-cov-2-zeterinaires","status":"publish","type":"post","link":"https:\/\/www.zeterinaires.fr\/nofakemed\/2020\/03\/31\/chat-sars-cov-2-zeterinaires\/","title":{"rendered":"Un chat contamin\u00e9 par le SARS-CoV-2 ?"},"content":{"rendered":"\n<p class=\"justification_texte\">On apprenait vendredi 27 mars par la voix du virologue Emmanuel Andr\u00e9 lors du point presse officiel quotidien sur le coronavirus en Belgique, qu\u2019un chat avait \u00e9t\u00e9 test\u00e9 positif en PCR au SARS-CoV-2, virus responsable de la maladie COVID19.<a href=\"https:\/\/www.lesoir.be\/290449\/article\/2020-03-27\/coronavirus-un-chat-infecte-en-belgique-annonce-le-spf-sante\" target=\"_blank\" rel=\"noreferrer noopener\"> La presse s\u2019en est alors fait \u00e9cho<\/a> (1). Rapidement l\u2019Universit\u00e9 de Li\u00e8ge repr\u00e9sent\u00e9e par notre confr\u00e8re le professeur Thiry, professeur de virologie, apportait<a href=\"https:\/\/www.rtbf.be\/info\/societe\/detail_un-chat-contamine-par-son-maitre-un-cas-isole-nos-animaux-peuvent-etre-malades-mais-pas-transmettre-la-maladie?id=10449810&amp;fbclid=IwAR1FIrAGZ3H_mKR-qCm8PQhPW26gqhRbfU3n_tD--G-d6uP1830GmT5NGqE\" target=\"_blank\" rel=\"noreferrer noopener\"> d\u2019importantes informations <\/a>(2) afin de mettre en perspective ce cas exceptionnel. Les messages essentiels \u00e9taient que si les animaux domestiques peuvent potentiellement \u00eatre touch\u00e9s par le virus de mani\u00e8re exceptionnelle, il est extr\u00eamement peu probable qu\u2019ils puissent contaminer des humains. Cela n\u2019emp\u00eache pas de prendre les mesures d\u2019hygi\u00e8ne classiques. L\u2019AFSCA (\u00e9quivalent en Belgique de l\u2019ANSES fran\u00e7aise) <a href=\"http:\/\/www.afsca.be\/comitescientifique\/avis\/2020\/_documents\/Conseilurgentprovisoire04-2020_SciCom2020-07_Covid-19petitsanimauxdomestiques_27-03-20_001.pdf?fbclid=IwAR0hVkw3wMzQSbr00haCAF9VSeQcEBzhYmb0HSfjWY2xC70BvyBC3qFjexs\" target=\"_blank\" rel=\"noreferrer noopener\">a \u00e9mis des recommandations<\/a> (3) en ce sens et insiste sur le caract\u00e8re peu plausible de la transmission de l\u2019animal domestique vers l\u2019homme m\u00eame si on a quelques suspicions de transmission de l\u2019homme vers l\u2019animal.<\/p>\n\n\n\n<h2 class=\"wp-block-heading\">Des pr\u00e9cisions importantes<\/h2>\n\n\n\n<p class=\"justification_texte\">Dans la presse professionnelle v\u00e9t\u00e9rinaire, le professeur Thiry donne quelques pr\u00e9cisions sur le d\u00e9roul\u00e9 de la d\u00e9couverte : <em>\u00ab La propri\u00e9taire, qui \u00e9tait malade, confin\u00e9e et en quarantaine, s\u2019est inqui\u00e9t\u00e9e aupr\u00e8s de son m\u00e9decin que son chat pr\u00e9sente, une semaine apr\u00e8s son retour, des signes cliniques, avec de l\u2019anorexie, de la diarrh\u00e9e, des vomissements, de la toux et une respiration superficielle. Son m\u00e9decin traitant, dans une d\u00e9marche One Health, a contact\u00e9 la facult\u00e9 de m\u00e9decine v\u00e9t\u00e9rinaire de Li\u00e8ge, qui a demand\u00e9 \u00e0 la propri\u00e9taire de r\u00e9aliser elle-m\u00eame des pr\u00e9l\u00e8vements dans les f\u00e8ces et les vomissements, o\u00f9 le Sars-CoV-2 a \u00e9t\u00e9 identifi\u00e9. Ce chat n\u2019a pas eu d\u2019examen clinique (pour limiter les risques dans la situation de confinement). Nous n\u2019avons actuellement aucune preuve que les sympt\u00f4mes de ce chat soient en lien avec le SARS-CoV-2. Le virus a \u00e9t\u00e9 identifi\u00e9 par s\u00e9quen\u00e7age g\u00e9nomique \u00e0 haut d\u00e9bit. La s\u00e9rologie permettra ult\u00e9rieurement de confirmer l\u2019infection du chat. \u00bb<\/em> <a href=\"https:\/\/www.lepointveterinaire.fr\/actualites\/actualites-professionnelles\/covid-19-un-chat-infecte-par-le-sars-cov-2-en-belgique.html\" target=\"_blank\" rel=\"noreferrer noopener\">E. Thiry r\u00e9pondant Au Point V\u00e9t\u00e9rinaire<\/a> (4).<\/p>\n\n\n\n<p class=\"justification_texte\">Il faut donc bien comprendre que les pr\u00e9l\u00e8vements ont \u00e9t\u00e9 r\u00e9alis\u00e9s par une personne non comp\u00e9tente, contamin\u00e9e par le virus et donc potentiellement excr\u00e9trice elle-m\u00eame, dans un milieu satur\u00e9 en virus, sur un animal qui n\u2019a \u00e9t\u00e9 observ\u00e9 par aucun professionnel de sant\u00e9 animale. Sachant que la PCR est une m\u00e9thode extr\u00eamement sensible*, il nous para\u00eet alors que la communication sur ce cas est maladroite et largement pr\u00e9matur\u00e9e quand bien m\u00eame les sympt\u00f4mes d\u00e9crits chez ce chat seraient-ils compatibles avec un infection par un coronavirus. Puisqu\u2019il est pr\u00e9vu une analyse s\u00e9rologique sur cet animal, il eut \u00e9t\u00e9 pr\u00e9f\u00e9rable d\u2019attendre le r\u00e9sultat de celle-ci ; en effet on ne peut rien d\u00e9duire des analyses d\u00e9j\u00e0 faites car on ne sait pas si les pr\u00e9l\u00e8vements ont \u00e9t\u00e9 contamin\u00e9s en pr\u00e9-analytique. Ce chat a peut-\u00eatre \u00e9t\u00e9 contamin\u00e9 mais peut-\u00eatre pas.&nbsp;<\/p>\n\n\n\n<h2 class=\"wp-block-heading\">Et les autres cas de SARS-CoV-2 chez les animaux ?<\/h2>\n\n\n\n<p class=\"justification_texte\">Hong Kong semble avoir <a href=\"https:\/\/www.formavet.be\/coronavirus-27-03-2020\/\" target=\"_blank\" rel=\"noreferrer noopener\">une politique de testage de certains <\/a>(5) des animaux de compagnie de personnes d\u00e9tect\u00e9es SARS-CoV-2 positives. Dans ce cadre deux chiens (seulement) ont \u00e9t\u00e9 d\u00e9tect\u00e9s positifs avec l\u2019analyse PCR. <a href=\"https:\/\/news.rthk.hk\/rthk\/en\/component\/k2\/1517063-20200326.htm?spTabChangeable=0\" target=\"_blank\" rel=\"noreferrer noopener\">L\u2019un d\u2019entre eux a d\u00e9velopp\u00e9 une r\u00e9action s\u00e9rologique<\/a> (6). D\u2019autres animaux domestiques <a href=\"https:\/\/www.depecheveterinaire.com\/covid-19-point-sur-le-risque-zoonotique-apres-la-decouverte-d-un-cas-chez-un-chat_67994A803774B5.html\" target=\"_blank\" rel=\"noreferrer noopener\">ont \u00e9t\u00e9 test\u00e9s en Cor\u00e9e et aux USA<\/a> (7), pour l\u2019instant les tests sont n\u00e9gatifs.<\/p>\n\n\n\n<p class=\"justification_texte\">L\u2019ensemble de ces donn\u00e9es confirme que la contamination des animaux domestiques semble tr\u00e8s peu probable. De plus s&rsquo;il y a contamination, alors les animaux domestiques sembleraient peu excr\u00e9teurs et donc peu contaminants. Les recommandations restent donc toujours les m\u00eames : respecter les r\u00e8gles de bios\u00e9curit\u00e9 et les renforcer en cas de personnes connues positives dans une famille. Se laver les mains, \u00e9viter les bisous et les l\u00e9chages de l\u2019animal, l&rsquo;entretien de la liti\u00e8re et le nourrissage par une personne non malade, sont les meilleures armes contre un \u00e9ventuel transfert de l&rsquo;homme vers l&rsquo;animal (Et aussi contre une &#8211; encore moins probable &#8211; contamination de l\u2019animal vers l\u2019homme). Il est important de se souvenir que le risque de contamination vient principalement de la personne malade car elle est principalement inter-humaine.<\/p>\n\n\n\n<p class=\"justification_texte\"><a href=\"https:\/\/www.sciencedirect.com\/science\/article\/pii\/S0006291X2030526X\" target=\"_blank\" rel=\"noreferrer noopener\">L\u2019existence de donn\u00e9es mol\u00e9culaires<\/a> (8), ainsi que ces cas, rappellent encore une\u00a0fois que les barri\u00e8res d\u2019esp\u00e8ces ne sont pas \u00e9tanches. Ils doivent donc nous inciter \u00e0 la prudence \u00e9pid\u00e9miologique et \u00e0 d\u00e9velopper le plus rapidement possible une surveillance des animaux de compagnie et de ferme afin de pouvoir anticiper tout franchissement de barri\u00e8re d\u2019esp\u00e8ce qui pourrait signifier une mutation du virus.\u00a0<br><\/p>\n\n\n\n<p class=\"has-small-font-size justification_texte\">* \u00c0 titre d\u2019exemple, lors d\u2019un envoi de pr\u00e9l\u00e8vement de 50 f\u00e8ces de bovins conditionn\u00e9es en petits pots st\u00e9riles pour recherche en PCR de paratuberculose bovine (recherche de mat\u00e9riel g\u00e9n\u00e9tique de bact\u00e9rie), un des pots s\u2019est ouvert. 20 autres pots ont \u00e9t\u00e9 contamin\u00e9s avec un faux r\u00e9sultat positif sur les 20 animaux concern\u00e9s.<\/p>\n\n\n\n<ol class=\"wp-block-list\"><li> <a href=\"https:\/\/www.lesoir.be\/290449\/article\/2020-03-27\/coronavirus-un-chat-infecte-en-belgique-annonce-le-spf-sante\" target=\"_blank\" rel=\"noreferrer noopener\">https:\/\/www.lesoir.be\/290449\/article\/2020-03-27\/coronavirus-un-chat-infecte-en-belgique-annonce-le-spf-sante<\/a><\/li><li><a href=\"https:\/\/www.rtbf.be\/info\/societe\/detail_un-chat-contamine-par-son-maitre-un-cas-isole-nos-animaux-peuvent-etre-malades-mais-pas-transmettre-la-maladie?id=10449810&amp;fbclid=IwAR1FIrAGZ3H_mKR-qCm8PQhPW26gqhRbfU3n_tD--G-d6uP1830GmT5NGqE\" target=\"_blank\" rel=\"noreferrer noopener\">https:\/\/www.rtbf.be\/info\/societe\/detail_un-chat-contamine-par-son-maitre-un-cas-isole-nos-animaux-peuvent-etre-malades-mais-pas-transmettre-la-maladie?id=10449810&amp;fbclid=IwAR1FIrAGZ3H_mKR-qCm8PQhPW26gqhRbfU3n_tD&#8211;G-d6uP1830GmT5NGqE<\/a><\/li><li><a href=\"http:\/\/www.afsca.be\/comitescientifique\/avis\/2020\/_documents\/Conseilurgentprovisoire04-2020_SciCom2020-07_Covid-19petitsanimauxdomestiques_27-03-20_001.pdf?fbclid=IwAR0hVkw3wMzQSbr00haCAF9VSeQcEBzhYmb0HSfjWY2xC70BvyBC3qFjexs\" target=\"_blank\" rel=\"noreferrer noopener\">http:\/\/www.afsca.be\/comitescientifique\/avis\/2020\/_documents\/Conseilurgentprovisoire04-2020_SciCom2020-07_Covid-19petitsanimauxdomestiques_27-03-20_001.pdf?fbclid=IwAR0hVkw3wMzQSbr00haCAF9VSeQcEBzhYmb0HSfjWY2xC70BvyBC3qFjexs<\/a><\/li><li><a href=\"https:\/\/www.lepointveterinaire.fr\/actualites\/actualites-professionnelles\/covid-19-un-chat-infecte-par-le-sars-cov-2-en-belgique.html\" target=\"_blank\" rel=\"noreferrer noopener\">https:\/\/www.lepointveterinaire.fr\/actualites\/actualites-professionnelles\/covid-19-un-chat-infecte-par-le-sars-cov-2-en-belgique.html<\/a><\/li><li><a href=\"https:\/\/www.formavet.be\/coronavirus-27-03-2020\/\" target=\"_blank\" rel=\"noreferrer noopener\">https:\/\/www.formavet.be\/coronavirus-27-03-2020\/<\/a><\/li><li><a href=\"https:\/\/news.rthk.hk\/rthk\/en\/component\/k2\/1517063-20200326.htm?spTabChangeable=0\" target=\"_blank\" rel=\"noreferrer noopener\">https:\/\/news.rthk.hk\/rthk\/en\/component\/k2\/1517063-20200326.htm?spTabChangeable=0<\/a><\/li><li><a href=\"https:\/\/www.depecheveterinaire.com\/covid-19-point-sur-le-risque-zoonotique-apres-la-decouverte-d-un-cas-chez-un-chat_67994A803774B5.html\" target=\"_blank\" rel=\"noreferrer noopener\">https:\/\/www.depecheveterinaire.com\/covid-19-point-sur-le-risque-zoonotique-apres-la-decouverte-d-un-cas-chez-un-chat_67994A803774B5.html<\/a><\/li><li><a href=\"https:\/\/www.sciencedirect.com\/science\/article\/pii\/S0006291X2030526X\" target=\"_blank\" rel=\"noreferrer noopener\">https:\/\/www.sciencedirect.com\/science\/article\/pii\/S0006291X2030526X<\/a><\/li><\/ol>\n\n\n\n<p><\/p>\n","protected":false},"excerpt":{"rendered":"<p>On apprenait vendredi 27 mars par la voix du virologue Emmanuel Andr\u00e9 lors du point presse officiel quotidien sur le coronavirus en Belgique, qu\u2019un chat avait \u00e9t\u00e9 test\u00e9 positif en PCR au SARS-CoV-2, virus responsable de la maladie COVID19. La presse s\u2019en est alors fait \u00e9cho (1). Rapidement l\u2019Universit\u00e9 de Li\u00e8ge repr\u00e9sent\u00e9e par notre confr\u00e8re&hellip;<\/p>\n","protected":false},"author":3,"featured_media":1960,"comment_status":"closed","ping_status":"closed","sticky":false,"template":"","format":"standard","meta":{"iawp_total_views":8,"footnotes":""},"categories":[20],"tags":[112,116,114,115],"class_list":["post-1959","post","type-post","status-publish","format-standard","has-post-thumbnail","hentry","category-informations","tag-covid19","tag-pandemie","tag-sars-cov-2","tag-virus"],"yoast_head":"<!-- This site is optimized with the Yoast SEO plugin v27.5 - https:\/\/yoast.com\/product\/yoast-seo-wordpress\/ -->\n<title>Un chat contamin\u00e9 par le SARS-CoV-2 ? - Z\u00e9t\u00e9rinaires<\/title>\n<meta name=\"description\" content=\"Dans ce billet les z\u00e9t\u00e9rinaires font le point sur les risques de transmission du SARS-CoV-2 aux les animaux domestiques, \u00e0 partir des donn\u00e9es actuelles.\" \/>\n<meta name=\"robots\" content=\"index, follow, max-snippet:-1, max-image-preview:large, max-video-preview:-1\" \/>\n<link rel=\"canonical\" href=\"https:\/\/www.zeterinaires.fr\/nofakemed\/2020\/03\/31\/chat-sars-cov-2-zeterinaires\/\" \/>\n<meta property=\"og:locale\" content=\"fr_FR\" \/>\n<meta property=\"og:type\" content=\"article\" \/>\n<meta property=\"og:title\" content=\"Un chat contamin\u00e9 par le SARS-CoV-2 ? - Z\u00e9t\u00e9rinaires\" \/>\n<meta property=\"og:description\" content=\"Dans ce billet les z\u00e9t\u00e9rinaires font le point sur les risques de transmission du SARS-CoV-2 aux les animaux domestiques, \u00e0 partir des donn\u00e9es actuelles.\" \/>\n<meta property=\"og:url\" content=\"https:\/\/www.zeterinaires.fr\/nofakemed\/2020\/03\/31\/chat-sars-cov-2-zeterinaires\/\" \/>\n<meta property=\"og:site_name\" content=\"Z\u00e9t\u00e9rinaires\" \/>\n<meta property=\"article:publisher\" content=\"https:\/\/www.facebook.com\/zeterinaires\/\" \/>\n<meta property=\"article:published_time\" content=\"2020-03-31T21:54:24+00:00\" \/>\n<meta property=\"article:modified_time\" content=\"2020-04-01T12:39:18+00:00\" \/>\n<meta property=\"og:image\" content=\"https:\/\/www.zeterinaires.fr\/nofakemed\/wp-content\/uploads\/2020\/03\/chat-covid.png\" \/>\n\t<meta property=\"og:image:width\" content=\"929\" \/>\n\t<meta property=\"og:image:height\" content=\"677\" \/>\n\t<meta property=\"og:image:type\" content=\"image\/png\" \/>\n<meta name=\"author\" content=\"zeteditor\" \/>\n<meta name=\"twitter:card\" content=\"summary_large_image\" \/>\n<meta name=\"twitter:creator\" content=\"@zeterinaires\" \/>\n<meta name=\"twitter:site\" content=\"@zeterinaires\" \/>\n<meta name=\"twitter:label1\" content=\"\u00c9crit par\" \/>\n\t<meta name=\"twitter:data1\" content=\"zeteditor\" \/>\n\t<meta name=\"twitter:label2\" content=\"Dur\u00e9e de lecture estim\u00e9e\" \/>\n\t<meta name=\"twitter:data2\" content=\"5 minutes\" \/>\n<script type=\"application\/ld+json\" class=\"yoast-schema-graph\">{\"@context\":\"https:\\\/\\\/schema.org\",\"@graph\":[{\"@type\":\"Article\",\"@id\":\"https:\\\/\\\/www.zeterinaires.fr\\\/nofakemed\\\/2020\\\/03\\\/31\\\/chat-sars-cov-2-zeterinaires\\\/#article\",\"isPartOf\":{\"@id\":\"https:\\\/\\\/www.zeterinaires.fr\\\/nofakemed\\\/2020\\\/03\\\/31\\\/chat-sars-cov-2-zeterinaires\\\/\"},\"author\":{\"name\":\"zeteditor\",\"@id\":\"https:\\\/\\\/www.zeterinaires.fr\\\/nofakemed\\\/#\\\/schema\\\/person\\\/0247c9e0092583cacfceba744457170a\"},\"headline\":\"Un chat contamin\u00e9 par le SARS-CoV-2 ?\",\"datePublished\":\"2020-03-31T21:54:24+00:00\",\"dateModified\":\"2020-04-01T12:39:18+00:00\",\"mainEntityOfPage\":{\"@id\":\"https:\\\/\\\/www.zeterinaires.fr\\\/nofakemed\\\/2020\\\/03\\\/31\\\/chat-sars-cov-2-zeterinaires\\\/\"},\"wordCount\":1012,\"publisher\":{\"@id\":\"https:\\\/\\\/www.zeterinaires.fr\\\/nofakemed\\\/#organization\"},\"image\":{\"@id\":\"https:\\\/\\\/www.zeterinaires.fr\\\/nofakemed\\\/2020\\\/03\\\/31\\\/chat-sars-cov-2-zeterinaires\\\/#primaryimage\"},\"thumbnailUrl\":\"https:\\\/\\\/www.zeterinaires.fr\\\/nofakemed\\\/wp-content\\\/uploads\\\/2020\\\/03\\\/chat-covid.png\",\"keywords\":[\"COVID19\",\"pand\u00e9mie\",\"SARS-CoV-2\",\"Virus\"],\"articleSection\":[\"Informations\"],\"inLanguage\":\"fr-FR\"},{\"@type\":\"WebPage\",\"@id\":\"https:\\\/\\\/www.zeterinaires.fr\\\/nofakemed\\\/2020\\\/03\\\/31\\\/chat-sars-cov-2-zeterinaires\\\/\",\"url\":\"https:\\\/\\\/www.zeterinaires.fr\\\/nofakemed\\\/2020\\\/03\\\/31\\\/chat-sars-cov-2-zeterinaires\\\/\",\"name\":\"Un chat contamin\u00e9 par le SARS-CoV-2 ? - Z\u00e9t\u00e9rinaires\",\"isPartOf\":{\"@id\":\"https:\\\/\\\/www.zeterinaires.fr\\\/nofakemed\\\/#website\"},\"primaryImageOfPage\":{\"@id\":\"https:\\\/\\\/www.zeterinaires.fr\\\/nofakemed\\\/2020\\\/03\\\/31\\\/chat-sars-cov-2-zeterinaires\\\/#primaryimage\"},\"image\":{\"@id\":\"https:\\\/\\\/www.zeterinaires.fr\\\/nofakemed\\\/2020\\\/03\\\/31\\\/chat-sars-cov-2-zeterinaires\\\/#primaryimage\"},\"thumbnailUrl\":\"https:\\\/\\\/www.zeterinaires.fr\\\/nofakemed\\\/wp-content\\\/uploads\\\/2020\\\/03\\\/chat-covid.png\",\"datePublished\":\"2020-03-31T21:54:24+00:00\",\"dateModified\":\"2020-04-01T12:39:18+00:00\",\"description\":\"Dans ce billet les z\u00e9t\u00e9rinaires font le point sur les risques de transmission du SARS-CoV-2 aux les animaux domestiques, \u00e0 partir des donn\u00e9es actuelles.\",\"breadcrumb\":{\"@id\":\"https:\\\/\\\/www.zeterinaires.fr\\\/nofakemed\\\/2020\\\/03\\\/31\\\/chat-sars-cov-2-zeterinaires\\\/#breadcrumb\"},\"inLanguage\":\"fr-FR\",\"potentialAction\":[{\"@type\":\"ReadAction\",\"target\":[\"https:\\\/\\\/www.zeterinaires.fr\\\/nofakemed\\\/2020\\\/03\\\/31\\\/chat-sars-cov-2-zeterinaires\\\/\"]}]},{\"@type\":\"ImageObject\",\"inLanguage\":\"fr-FR\",\"@id\":\"https:\\\/\\\/www.zeterinaires.fr\\\/nofakemed\\\/2020\\\/03\\\/31\\\/chat-sars-cov-2-zeterinaires\\\/#primaryimage\",\"url\":\"https:\\\/\\\/www.zeterinaires.fr\\\/nofakemed\\\/wp-content\\\/uploads\\\/2020\\\/03\\\/chat-covid.png\",\"contentUrl\":\"https:\\\/\\\/www.zeterinaires.fr\\\/nofakemed\\\/wp-content\\\/uploads\\\/2020\\\/03\\\/chat-covid.png\",\"width\":929,\"height\":677,\"caption\":\"SARS-CoV-2\"},{\"@type\":\"BreadcrumbList\",\"@id\":\"https:\\\/\\\/www.zeterinaires.fr\\\/nofakemed\\\/2020\\\/03\\\/31\\\/chat-sars-cov-2-zeterinaires\\\/#breadcrumb\",\"itemListElement\":[{\"@type\":\"ListItem\",\"position\":1,\"name\":\"Accueil\",\"item\":\"https:\\\/\\\/www.zeterinaires.fr\\\/nofakemed\\\/\"},{\"@type\":\"ListItem\",\"position\":2,\"name\":\"Un chat contamin\u00e9 par le SARS-CoV-2 ?\"}]},{\"@type\":\"WebSite\",\"@id\":\"https:\\\/\\\/www.zeterinaires.fr\\\/nofakemed\\\/#website\",\"url\":\"https:\\\/\\\/www.zeterinaires.fr\\\/nofakemed\\\/\",\"name\":\"Z\u00e9t\u00e9rinaires\",\"description\":\"Collectif V\u00e9t\u00e9rinaire #NoFakeMed\",\"publisher\":{\"@id\":\"https:\\\/\\\/www.zeterinaires.fr\\\/nofakemed\\\/#organization\"},\"potentialAction\":[{\"@type\":\"SearchAction\",\"target\":{\"@type\":\"EntryPoint\",\"urlTemplate\":\"https:\\\/\\\/www.zeterinaires.fr\\\/nofakemed\\\/?s={search_term_string}\"},\"query-input\":{\"@type\":\"PropertyValueSpecification\",\"valueRequired\":true,\"valueName\":\"search_term_string\"}}],\"inLanguage\":\"fr-FR\"},{\"@type\":\"Organization\",\"@id\":\"https:\\\/\\\/www.zeterinaires.fr\\\/nofakemed\\\/#organization\",\"name\":\"Z\u00e9t\u00e9rinaires\",\"url\":\"https:\\\/\\\/www.zeterinaires.fr\\\/nofakemed\\\/\",\"logo\":{\"@type\":\"ImageObject\",\"inLanguage\":\"fr-FR\",\"@id\":\"https:\\\/\\\/www.zeterinaires.fr\\\/nofakemed\\\/#\\\/schema\\\/logo\\\/image\\\/\",\"url\":\"https:\\\/\\\/www.zeterinaires.fr\\\/nofakemed\\\/wp-content\\\/uploads\\\/2020\\\/03\\\/cropped-LOGO_ZETES_NEW_PETIT.png\",\"contentUrl\":\"https:\\\/\\\/www.zeterinaires.fr\\\/nofakemed\\\/wp-content\\\/uploads\\\/2020\\\/03\\\/cropped-LOGO_ZETES_NEW_PETIT.png\",\"width\":200,\"height\":116,\"caption\":\"Z\u00e9t\u00e9rinaires\"},\"image\":{\"@id\":\"https:\\\/\\\/www.zeterinaires.fr\\\/nofakemed\\\/#\\\/schema\\\/logo\\\/image\\\/\"},\"sameAs\":[\"https:\\\/\\\/www.facebook.com\\\/zeterinaires\\\/\",\"https:\\\/\\\/x.com\\\/zeterinaires\"]},{\"@type\":\"Person\",\"@id\":\"https:\\\/\\\/www.zeterinaires.fr\\\/nofakemed\\\/#\\\/schema\\\/person\\\/0247c9e0092583cacfceba744457170a\",\"name\":\"zeteditor\",\"image\":{\"@type\":\"ImageObject\",\"inLanguage\":\"fr-FR\",\"@id\":\"https:\\\/\\\/secure.gravatar.com\\\/avatar\\\/4aa5bd48fc5cabc7c16c1e9b6afafdf2339df144c2ab2a400856359745c62c5a?s=96&d=mm&r=g\",\"url\":\"https:\\\/\\\/secure.gravatar.com\\\/avatar\\\/4aa5bd48fc5cabc7c16c1e9b6afafdf2339df144c2ab2a400856359745c62c5a?s=96&d=mm&r=g\",\"contentUrl\":\"https:\\\/\\\/secure.gravatar.com\\\/avatar\\\/4aa5bd48fc5cabc7c16c1e9b6afafdf2339df144c2ab2a400856359745c62c5a?s=96&d=mm&r=g\",\"caption\":\"zeteditor\"}}]}<\/script>\n<!-- \/ Yoast SEO plugin. -->","yoast_head_json":{"title":"Un chat contamin\u00e9 par le SARS-CoV-2 ? - Z\u00e9t\u00e9rinaires","description":"Dans ce billet les z\u00e9t\u00e9rinaires font le point sur les risques de transmission du SARS-CoV-2 aux les animaux domestiques, \u00e0 partir des donn\u00e9es actuelles.","robots":{"index":"index","follow":"follow","max-snippet":"max-snippet:-1","max-image-preview":"max-image-preview:large","max-video-preview":"max-video-preview:-1"},"canonical":"https:\/\/www.zeterinaires.fr\/nofakemed\/2020\/03\/31\/chat-sars-cov-2-zeterinaires\/","og_locale":"fr_FR","og_type":"article","og_title":"Un chat contamin\u00e9 par le SARS-CoV-2 ? - Z\u00e9t\u00e9rinaires","og_description":"Dans ce billet les z\u00e9t\u00e9rinaires font le point sur les risques de transmission du SARS-CoV-2 aux les animaux domestiques, \u00e0 partir des donn\u00e9es actuelles.","og_url":"https:\/\/www.zeterinaires.fr\/nofakemed\/2020\/03\/31\/chat-sars-cov-2-zeterinaires\/","og_site_name":"Z\u00e9t\u00e9rinaires","article_publisher":"https:\/\/www.facebook.com\/zeterinaires\/","article_published_time":"2020-03-31T21:54:24+00:00","article_modified_time":"2020-04-01T12:39:18+00:00","og_image":[{"width":929,"height":677,"url":"https:\/\/www.zeterinaires.fr\/nofakemed\/wp-content\/uploads\/2020\/03\/chat-covid.png","type":"image\/png"}],"author":"zeteditor","twitter_card":"summary_large_image","twitter_creator":"@zeterinaires","twitter_site":"@zeterinaires","twitter_misc":{"\u00c9crit par":"zeteditor","Dur\u00e9e de lecture estim\u00e9e":"5 minutes"},"schema":{"@context":"https:\/\/schema.org","@graph":[{"@type":"Article","@id":"https:\/\/www.zeterinaires.fr\/nofakemed\/2020\/03\/31\/chat-sars-cov-2-zeterinaires\/#article","isPartOf":{"@id":"https:\/\/www.zeterinaires.fr\/nofakemed\/2020\/03\/31\/chat-sars-cov-2-zeterinaires\/"},"author":{"name":"zeteditor","@id":"https:\/\/www.zeterinaires.fr\/nofakemed\/#\/schema\/person\/0247c9e0092583cacfceba744457170a"},"headline":"Un chat contamin\u00e9 par le SARS-CoV-2 ?","datePublished":"2020-03-31T21:54:24+00:00","dateModified":"2020-04-01T12:39:18+00:00","mainEntityOfPage":{"@id":"https:\/\/www.zeterinaires.fr\/nofakemed\/2020\/03\/31\/chat-sars-cov-2-zeterinaires\/"},"wordCount":1012,"publisher":{"@id":"https:\/\/www.zeterinaires.fr\/nofakemed\/#organization"},"image":{"@id":"https:\/\/www.zeterinaires.fr\/nofakemed\/2020\/03\/31\/chat-sars-cov-2-zeterinaires\/#primaryimage"},"thumbnailUrl":"https:\/\/www.zeterinaires.fr\/nofakemed\/wp-content\/uploads\/2020\/03\/chat-covid.png","keywords":["COVID19","pand\u00e9mie","SARS-CoV-2","Virus"],"articleSection":["Informations"],"inLanguage":"fr-FR"},{"@type":"WebPage","@id":"https:\/\/www.zeterinaires.fr\/nofakemed\/2020\/03\/31\/chat-sars-cov-2-zeterinaires\/","url":"https:\/\/www.zeterinaires.fr\/nofakemed\/2020\/03\/31\/chat-sars-cov-2-zeterinaires\/","name":"Un chat contamin\u00e9 par le SARS-CoV-2 ? - Z\u00e9t\u00e9rinaires","isPartOf":{"@id":"https:\/\/www.zeterinaires.fr\/nofakemed\/#website"},"primaryImageOfPage":{"@id":"https:\/\/www.zeterinaires.fr\/nofakemed\/2020\/03\/31\/chat-sars-cov-2-zeterinaires\/#primaryimage"},"image":{"@id":"https:\/\/www.zeterinaires.fr\/nofakemed\/2020\/03\/31\/chat-sars-cov-2-zeterinaires\/#primaryimage"},"thumbnailUrl":"https:\/\/www.zeterinaires.fr\/nofakemed\/wp-content\/uploads\/2020\/03\/chat-covid.png","datePublished":"2020-03-31T21:54:24+00:00","dateModified":"2020-04-01T12:39:18+00:00","description":"Dans ce billet les z\u00e9t\u00e9rinaires font le point sur les risques de transmission du SARS-CoV-2 aux les animaux domestiques, \u00e0 partir des donn\u00e9es actuelles.","breadcrumb":{"@id":"https:\/\/www.zeterinaires.fr\/nofakemed\/2020\/03\/31\/chat-sars-cov-2-zeterinaires\/#breadcrumb"},"inLanguage":"fr-FR","potentialAction":[{"@type":"ReadAction","target":["https:\/\/www.zeterinaires.fr\/nofakemed\/2020\/03\/31\/chat-sars-cov-2-zeterinaires\/"]}]},{"@type":"ImageObject","inLanguage":"fr-FR","@id":"https:\/\/www.zeterinaires.fr\/nofakemed\/2020\/03\/31\/chat-sars-cov-2-zeterinaires\/#primaryimage","url":"https:\/\/www.zeterinaires.fr\/nofakemed\/wp-content\/uploads\/2020\/03\/chat-covid.png","contentUrl":"https:\/\/www.zeterinaires.fr\/nofakemed\/wp-content\/uploads\/2020\/03\/chat-covid.png","width":929,"height":677,"caption":"SARS-CoV-2"},{"@type":"BreadcrumbList","@id":"https:\/\/www.zeterinaires.fr\/nofakemed\/2020\/03\/31\/chat-sars-cov-2-zeterinaires\/#breadcrumb","itemListElement":[{"@type":"ListItem","position":1,"name":"Accueil","item":"https:\/\/www.zeterinaires.fr\/nofakemed\/"},{"@type":"ListItem","position":2,"name":"Un chat contamin\u00e9 par le SARS-CoV-2 ?"}]},{"@type":"WebSite","@id":"https:\/\/www.zeterinaires.fr\/nofakemed\/#website","url":"https:\/\/www.zeterinaires.fr\/nofakemed\/","name":"Z\u00e9t\u00e9rinaires","description":"Collectif V\u00e9t\u00e9rinaire #NoFakeMed","publisher":{"@id":"https:\/\/www.zeterinaires.fr\/nofakemed\/#organization"},"potentialAction":[{"@type":"SearchAction","target":{"@type":"EntryPoint","urlTemplate":"https:\/\/www.zeterinaires.fr\/nofakemed\/?s={search_term_string}"},"query-input":{"@type":"PropertyValueSpecification","valueRequired":true,"valueName":"search_term_string"}}],"inLanguage":"fr-FR"},{"@type":"Organization","@id":"https:\/\/www.zeterinaires.fr\/nofakemed\/#organization","name":"Z\u00e9t\u00e9rinaires","url":"https:\/\/www.zeterinaires.fr\/nofakemed\/","logo":{"@type":"ImageObject","inLanguage":"fr-FR","@id":"https:\/\/www.zeterinaires.fr\/nofakemed\/#\/schema\/logo\/image\/","url":"https:\/\/www.zeterinaires.fr\/nofakemed\/wp-content\/uploads\/2020\/03\/cropped-LOGO_ZETES_NEW_PETIT.png","contentUrl":"https:\/\/www.zeterinaires.fr\/nofakemed\/wp-content\/uploads\/2020\/03\/cropped-LOGO_ZETES_NEW_PETIT.png","width":200,"height":116,"caption":"Z\u00e9t\u00e9rinaires"},"image":{"@id":"https:\/\/www.zeterinaires.fr\/nofakemed\/#\/schema\/logo\/image\/"},"sameAs":["https:\/\/www.facebook.com\/zeterinaires\/","https:\/\/x.com\/zeterinaires"]},{"@type":"Person","@id":"https:\/\/www.zeterinaires.fr\/nofakemed\/#\/schema\/person\/0247c9e0092583cacfceba744457170a","name":"zeteditor","image":{"@type":"ImageObject","inLanguage":"fr-FR","@id":"https:\/\/secure.gravatar.com\/avatar\/4aa5bd48fc5cabc7c16c1e9b6afafdf2339df144c2ab2a400856359745c62c5a?s=96&d=mm&r=g","url":"https:\/\/secure.gravatar.com\/avatar\/4aa5bd48fc5cabc7c16c1e9b6afafdf2339df144c2ab2a400856359745c62c5a?s=96&d=mm&r=g","contentUrl":"https:\/\/secure.gravatar.com\/avatar\/4aa5bd48fc5cabc7c16c1e9b6afafdf2339df144c2ab2a400856359745c62c5a?s=96&d=mm&r=g","caption":"zeteditor"}}]}},"_links":{"self":[{"href":"https:\/\/www.zeterinaires.fr\/nofakemed\/wp-json\/wp\/v2\/posts\/1959","targetHints":{"allow":["GET"]}}],"collection":[{"href":"https:\/\/www.zeterinaires.fr\/nofakemed\/wp-json\/wp\/v2\/posts"}],"about":[{"href":"https:\/\/www.zeterinaires.fr\/nofakemed\/wp-json\/wp\/v2\/types\/post"}],"author":[{"embeddable":true,"href":"https:\/\/www.zeterinaires.fr\/nofakemed\/wp-json\/wp\/v2\/users\/3"}],"replies":[{"embeddable":true,"href":"https:\/\/www.zeterinaires.fr\/nofakemed\/wp-json\/wp\/v2\/comments?post=1959"}],"version-history":[{"count":0,"href":"https:\/\/www.zeterinaires.fr\/nofakemed\/wp-json\/wp\/v2\/posts\/1959\/revisions"}],"wp:featuredmedia":[{"embeddable":true,"href":"https:\/\/www.zeterinaires.fr\/nofakemed\/wp-json\/wp\/v2\/media\/1960"}],"wp:attachment":[{"href":"https:\/\/www.zeterinaires.fr\/nofakemed\/wp-json\/wp\/v2\/media?parent=1959"}],"wp:term":[{"taxonomy":"category","embeddable":true,"href":"https:\/\/www.zeterinaires.fr\/nofakemed\/wp-json\/wp\/v2\/categories?post=1959"},{"taxonomy":"post_tag","embeddable":true,"href":"https:\/\/www.zeterinaires.fr\/nofakemed\/wp-json\/wp\/v2\/tags?post=1959"}],"curies":[{"name":"wp","href":"https:\/\/api.w.org\/{rel}","templated":true}]}}